{"id":132,"date":"2013-10-15T15:27:01","date_gmt":"2013-10-15T15:27:01","guid":{"rendered":"http:\/\/www.canzu.cl\/demo\/?p=132"},"modified":"2013-10-18T14:56:39","modified_gmt":"2013-10-18T14:56:39","slug":"academico-de-la-universidad-de-laval-participara-en-actividades-del-ciecii-en-temuco","status":"publish","type":"post","link":"https:\/\/milenio.uct.cl\/?p=132","title":{"rendered":"Acad\u00e9mico de la Universidad de Laval participar\u00e1 en actividades del CIECII en Temuco"},"content":{"rendered":"<div style=\"text-align: justify;\">\n<p>Con la visita del Dr. Martin H\u00e9bert, el CIECII llevar\u00e1 a cabo el relanzamiento del N\u00facleo, el que obtuvo su renovaci\u00f3n por otros tres a\u00f1os en el marco del &#8216;Concurso 2010 de N\u00facleos de Ciencias Sociales&#8217;.<!--more--><\/p>\n<p>El 24 de abril de 2012 a las 11:00 horas, se llevar\u00e1 a cabo en el Campus San Francisco de la Universidad Cat\u00f3lica de Temuco, la conferencia a cargo del Dr. Martin H\u00e9bert &#8220;Pol\u00edtica de Formaci\u00f3n de Recursos Humanos Avanzados en Contextos Ind\u00edgena e Intercultural&#8221;, enfocada a quienes dirigen postgrados, estudiantes de doctorados y formadores de recursos humanos avanzados.<\/p>\n<p>Asimismo, el acad\u00e9mico canadiense ofrecer\u00e1 la charla \u201cDesaf\u00edos Epistemol\u00f3gicos de la Investigaci\u00f3n en Contextos Interculturales\u201d, contemplada dentro de la reuni\u00f3n de Investigadores J\u00f3venes del N\u00facleo, quienes discutir\u00e1n los alcances del tema expuesto.<\/p>\n<p><strong>Red CIECII-CI\u00c9RA<\/strong><\/p>\n<p>Cabe destacar que la visita de Martin H\u00e9bert, forma parte de las actividades contempladas dentro de la Red Interuniversitaria CIECII-CI\u00c9RA (RICICI), financiada con fondos del concurso para Redes Formales de Colaboraci\u00f3n 2011, apoyadas por ICM. En ella participan Investigadores Asociados y J\u00f3venes del CIECII, investigadores del CI\u00c9RA y del LABOEDUC, estudiantes en formaci\u00f3n, acad\u00e9micos de la Facultad de Educaci\u00f3n de la Universidad Cat\u00f3lica de Temuco, kimches de la regi\u00f3n, educadores tradicionales, profesores de aula y directivos a cargo de la gesti\u00f3n educativa.<\/p>\n<p>Esta red interuniversitaria tiene como objetivo promover y potenciar el establecimiento de cooperaci\u00f3n entre los investigadores del N\u00facleo Milenio Centro de Investigaci\u00f3n en Educaci\u00f3n en Contexto Ind\u00edgena e Intercultural CIECII, del Centre interuniversitaire d\u2019\u00e9tudes et de recherches autochtones, Universidad Laval, Qu\u00e9bec, Canad\u00e1 (CI\u00c9RA) y del Laboratorio de Educaci\u00f3n del Doctorado en Educaci\u00f3n de la Universidad Nacional de Cuyo, Argentina (LABOEDUC), para el fortalecimiento del desarrollo del conocimiento cient\u00edfico a trav\u00e9s de actividades de innovaci\u00f3n educativa e interculturalidad desde la colaboraci\u00f3n interuniversitaria.<\/p>\n<p>Asimismo, mediante las actividades que contempla la Red se buscar\u00e1 potenciar y fortalecer: la formaci\u00f3n de capital humano para la innovaci\u00f3n curricular en base a las l\u00edneas de investigaci\u00f3n del CIECII; la certificaci\u00f3n de competencias para la innovaci\u00f3n educativa e interculturalidad en contextos y territorios ind\u00edgenas y, aportar a la superaci\u00f3n del conflicto que subyace en las relaciones inter\u00e9tnicas e interculturales entre Mapuches y no Mapuches, tanto en el medio social como escolar.<\/p>\n<p>El Centro de Investigaci\u00f3n en Educaci\u00f3n en Contexto Ind\u00edgena e Intercultural (CIECII), realiza investigaci\u00f3n para la construcci\u00f3n de una base de conocimientos epistemol\u00f3gicos que sustente una educaci\u00f3n en contextos sociales y territorios ind\u00edgenas, fundamentada en saberes ind\u00edgenas y las Ciencias Sociales desde una perspectiva interdisciplinaria. Su finalidad, es contribuir a una educaci\u00f3n intercultural considerando la gesti\u00f3n del conocimiento a trav\u00e9s del an\u00e1lisis del discurso social y las TIC.<\/p>\n<p>CIECII, albergado por la Universidad Cat\u00f3lica de Temuco, es financiado por la ICM desde 2008 y dirigido por el Dr. Daniel Quilaqueo.<\/p>\n<p>Fuente: Iniciatia Milenio<br \/>\nLink http:\/\/www.iniciativamilenio.cl\/noticias\/noti_det.php?id=1305<\/p>\n<\/div>\n","protected":false},"excerpt":{"rendered":"<p>Con la visita del Dr. Martin H\u00e9bert, el CIECII llevar\u00e1 a cabo el relanzamiento del N\u00facleo, el que obtuvo su renovaci\u00f3n por otros tres a\u00f1os en el marco del &#8216;Concurso 2010 de N\u00facleos de Ciencias Sociales&#8217;.<\/p>\n","protected":false},"author":1,"featured_media":234,"comment_status":"open","ping_status":"open","sticky":false,"template":"","format":"standard","meta":{"footnotes":""},"categories":[3],"tags":[],"class_list":["post-132","post","type-post","status-publish","format-standard","has-post-thumbnail","hentry","category-noticias"],"_links":{"self":[{"href":"https:\/\/milenio.uct.cl\/index.php?rest_route=\/wp\/v2\/posts\/132"}],"collection":[{"href":"https:\/\/milenio.uct.cl\/index.php?rest_route=\/wp\/v2\/posts"}],"about":[{"href":"https:\/\/milenio.uct.cl\/index.php?rest_route=\/wp\/v2\/types\/post"}],"author":[{"embeddable":true,"href":"https:\/\/milenio.uct.cl\/index.php?rest_route=\/wp\/v2\/users\/1"}],"replies":[{"embeddable":true,"href":"https:\/\/milenio.uct.cl\/index.php?rest_route=%2Fwp%2Fv2%2Fcomments&post=132"}],"version-history":[{"count":2,"href":"https:\/\/milenio.uct.cl\/index.php?rest_route=\/wp\/v2\/posts\/132\/revisions"}],"predecessor-version":[{"id":137,"href":"https:\/\/milenio.uct.cl\/index.php?rest_route=\/wp\/v2\/posts\/132\/revisions\/137"}],"wp:featuredmedia":[{"embeddable":true,"href":"https:\/\/milenio.uct.cl\/index.php?rest_route=\/wp\/v2\/media\/234"}],"wp:attachment":[{"href":"https:\/\/milenio.uct.cl\/index.php?rest_route=%2Fwp%2Fv2%2Fmedia&parent=132"}],"wp:term":[{"taxonomy":"category","embeddable":true,"href":"https:\/\/milenio.uct.cl\/index.php?rest_route=%2Fwp%2Fv2%2Fcategories&post=132"},{"taxonomy":"post_tag","embeddable":true,"href":"https:\/\/milenio.uct.cl\/index.php?rest_route=%2Fwp%2Fv2%2Ftags&post=132"}],"curies":[{"name":"wp","href":"https:\/\/api.w.org\/{rel}","templated":true}]}}