{"id":134,"date":"2013-10-15T15:25:56","date_gmt":"2013-10-15T15:25:56","guid":{"rendered":"http:\/\/www.canzu.cl\/demo\/?p=134"},"modified":"2013-10-18T15:30:09","modified_gmt":"2013-10-18T15:30:09","slug":"seis-nuevos-nucleos-cientificos-creara-la-iniciativa-cientifica-milenio","status":"publish","type":"post","link":"https:\/\/milenio.uct.cl\/?p=134","title":{"rendered":"Seis Nuevos N\u00facleos Cient\u00edficos crear\u00e1 la Iniciativa Cient\u00edfica Milenio"},"content":{"rendered":"<div style=\"text-align: justify;\">\nEl Consejo Directivo de la Iniciativa Cient\u00edfica Milenio (ICM), presidido por el Ministro de Econom\u00eda, Fomento y Turismo, Juan Andr\u00e9s Fontaine, resolvi\u00f3 el Concurso 2010 para N\u00facleos de Ciencias Sociales, determin\u00e1ndose la creaci\u00f3n de seis nuevos centros de investigaci\u00f3n y la renovaci\u00f3n competitiva de otros tres N\u00facleos que concluyen su primer per\u00edodo de ejecuci\u00f3n.<!--more--><\/p>\n<p>Los proyectos ganadores fueron elegidos de entre un total de 39 Anteproyectos que se presentaron a partir del concurso abierto en mayo de 2010, luego de lo cual se invit\u00f3 a 13 de ellos a presentar propuestas definitivas, de las cuales ocho resultaron finalistas y sometidas a entrevistas por el Comit\u00e9 de Programa extranjero de la ICM entre el 7 y 9 de marzo en Santiago de Chile. Asimismo, los siete N\u00facleos que compitieron por su renovaci\u00f3n tambi\u00e9n fueron entrevistados. Las recomendaciones del Comit\u00e9 fueron analizadas por el Consejo Directivo de la ICM, que resolvi\u00f3 sobre la adjudicaci\u00f3n.<\/p>\n<p>El Ministro Fontaine destac\u00f3 que \u201clos t\u00f3picos tratados por los proyectos seleccionados se condicen con los esfuerzos tras la implementaci\u00f3n de pol\u00edticas p\u00fablicas enfocadas al desarrollo econ\u00f3mico y social de Chile\u201d.<\/p>\n<p>En tanto, el Director Ejecutivo de la Iniciativa Cient\u00edfica Milenio, Claudio Wernli, afirm\u00f3 que \u201cde los proyectos aprobados, un 77% pertenece a las \u00e1reas de Econom\u00eda, Sociolog\u00eda y Educaci\u00f3n\u201d. Por otra parte, resalt\u00f3 que \u201clos resultados implican un avance respecto al concurso anterior en cuanto al potenciamiento de la investigaci\u00f3n cient\u00edfica a nivel de regiones, ya que en esta ocasi\u00f3n el 50% de los proyectos ser\u00e1n ejecutados fuera de la Regi\u00f3n Metropolitana.<\/p>\n<p>El Consejo Directivo de la ICM destac\u00f3 el riguroso y exigente trabajo de evaluaci\u00f3n y selecci\u00f3n que realiz\u00f3 el Comit\u00e9 de Programa extranjero, el que deriv\u00f3 en la adjudicaci\u00f3n de este concurso.<\/p>\n<p><strong><b>PROYECTOS GANADORES<\/b><\/strong><\/p>\n<p>Los proyectos ganadores tendr\u00e1n una duraci\u00f3n de tres a\u00f1os, prorrogables por otros tres, y cada uno dispondr\u00e1 de unos $60 millones anuales para su funcionamiento, monto que est\u00e1 sujeto al Presupuesto asignado al Programa ICM cada a\u00f1o, al igual que los tres N\u00facleos renovados por un segundo periodo de tres a\u00f1os. Los centros renovados forman parte de un grupo selecto que se adjudic\u00f3 fondos para su funcionamiento en el primer concurso para N\u00facleos del \u00e1rea de las Ciencias Sociales emp\u00edricas, experimental o no experimental, adjudicado por ICM en 2008.<\/p>\n<p><strong><strong>Nuevos N\u00facleos Milenio (6):<\/strong><\/strong><\/p>\n<p><strong>Proyecto: Centro Intelis<\/strong><br \/>\n\u00c1rea: Ciencias econ\u00f3micas, Econom\u00eda de la innovaci\u00f3n, Microeconometr\u00eda aplicada.<br \/>\nInstituci\u00f3n Albergante: Universidad de ChileI<br \/>\nInvestigador \u00a0Responsable: Jos\u00e9 Miguel Benavente Hormaz\u00e1bal<br \/>\nInvestigadores Asociados: Roberto \u00c1lvarez Espinoza, Claudio Bravo Ortega<\/p>\n<p><strong>Proyecto: N\u00facleo de Investigaci\u00f3n en Econom\u00eda Ambiental y de Recursos Naturales<\/strong><br \/>\n\u00c1rea: Econom\u00eda ambiental, Econom\u00eda de recursos naturales<br \/>\nInstituci\u00f3n Albergante: Universidad de Concepci\u00f3n<br \/>\nInvestigador Responsable: Carlos Ch\u00e1vez Rebolledo<br \/>\nInvestigadores Asociados: Hugo Salgado Cabrera, Walter G\u00f3mez Bofill<\/p>\n<p><strong>Proyecto: Intervenci\u00f3n sicol\u00f3gica y cambio en depresi\u00f3n<\/strong><br \/>\n\u00c1rea: Sicolog\u00eda<br \/>\nInstituci\u00f3n Albergante: Universidad Cat\u00f3lica de Chile, Universidad de la Frontera, Universidad\u00a0\u00a0\u00a0 de Chile<br \/>\nInvestigador Responsable: Mariane Krause Jacob<br \/>\nInvestigadores Asociados: Guillermo de la Parra, Eugenio Rodr\u00edguez Balboa, Graciela Rojas Castillo, Mar\u00eda Santelices \u00c1lvarez, Jaime Silva Concha.<\/p>\n<p><strong>Proyecto: N\u00facleo Milenio para el estudio de la Estatalidad y la Democracia en Am\u00e9rica Latina<\/strong>.<br \/>\n\u00c1rea: Ciencia pol\u00edtica, Sociolog\u00eda pol\u00edtica, Econom\u00eda pol\u00edtica.<br \/>\nInstituci\u00f3n Albergante: Pontificia Universidad Cat\u00f3lica de Chile<br \/>\nInvestigador Responsable: Juan P. Luna Fari\u00f1a<br \/>\nInvestigadores Asociados: David Altman, Andreas Feldmann, Rodrigo Mardones<\/p>\n<p><strong>Proyecto: Centro de Estudios Urbano-Territoriales para la regi\u00f3n del Maule<\/strong><br \/>\n\u00c1rea: Sociolog\u00eda, Sociolog\u00eda urbana \u2013 rural<br \/>\nInstituci\u00f3n Albergante: Universidad Cat\u00f3lica del Maule, Corporaci\u00f3n SURMAULE<br \/>\nInvestigador Responsable: Rodrigo Salcedo Hansen<br \/>\nInvestigadores Asociados: Tom\u00e1s Err\u00e1zuriz Infante<\/p>\n<p><strong>Proyecto: Centro de investigaci\u00f3n en vulnerabilidades y desastres socionaturales.<\/strong><br \/>\n\u00c1rea: Sociolog\u00eda<br \/>\nInstituci\u00f3n Albergante: Universidad de Chile<br \/>\nInvestigador Responsable: Hugo Romero Aravena<br \/>\nInvestigadores Asociados: Sonia, P\u00e9rez, Catalina Arteaga Aguirre, Adriana Espinoza Soto, Jorge Larenas Salas, Eduardo Tapia Zaricueta.<\/p>\n<p><strong>N\u00facleos Milenio renovados (3):<\/strong><\/p>\n<p><strong>Proyecto: Ciencia Regional y Pol\u00edticas P\u00fablicas<\/strong><br \/>\n\u00c1rea: Ciencia regional, Ciencias econ\u00f3micas, Desarrollo econ\u00f3mico<br \/>\nInstituci\u00f3n Albergante: Universidad Cat\u00f3lica del Norte<br \/>\nInvestigador Responsable: Patricio Aroca<br \/>\nInvestigadores Asociados: Miguel Atienza, Nicol\u00e1s Garrido, Eugenio Bobenrieth, Jos\u00e9 Antonio Gonz\u00e1lez.<\/p>\n<p><strong>Proyecto: Centro de Microdatos<\/strong><br \/>\n\u00c1rea: Econom\u00eda<br \/>\nInstituci\u00f3n Albergante: Universidad de Chile<br \/>\nInvestigador Responsable: David Bravo Urrutia<br \/>\nInvestigadores Asociados: Jaime Ruiz-Tagle, Claudia Mart\u00ednez, Patricia Medrano, Esteban Puente, Dante Contreras, Tom\u00e1s Rau, Alejandro Micco, Alberto Arenas, Sergio Urz\u00faa<\/p>\n<p><strong>Proyecto: Centro de Investigaci\u00f3n en Educaci\u00f3n en Contexto Ind\u00edgena e Intercultural (CIECII)<\/strong><br \/>\n\u00c1rea: Educaci\u00f3n, Ciencias Sociales<br \/>\nInstituci\u00f3n Albergante: Universidad Cat\u00f3lica de Temuco<br \/>\nInvestigador Responsable: Daniel Quilaqueo<br \/>\nInvestigadores Asociados: Fernando Pe\u00f1a, Segundo Quintriqueo, Pilar \u00c1lvarez-Santullano, Marcelo Careaga<\/p>\n<p>Fuente: Iniciativa milenio<br \/>\nLink <a href=\"http:\/\/www.iniciativamilenio.cl\/concursos\/cssSoc_det.php?id=1171\">http:\/\/www.iniciativamilenio.cl\/concursos\/cssSoc_det.php?id=1171<\/a><\/p>\n<\/div>\n","protected":false},"excerpt":{"rendered":"<p>El Consejo Directivo de la Iniciativa Cient\u00edfica Milenio (ICM), presidido por el Ministro de Econom\u00eda, Fomento y Turismo, Juan Andr\u00e9s Fontaine, resolvi\u00f3 el Concurso 2010 para N\u00facleos de Ciencias Sociales, determin\u00e1ndose la creaci\u00f3n de seis nuevos centros de investigaci\u00f3n y la renovaci\u00f3n competitiva de otros tres N\u00facleos que concluyen su primer per\u00edodo de ejecuci\u00f3n.<\/p>\n","protected":false},"author":1,"featured_media":224,"comment_status":"closed","ping_status":"open","sticky":false,"template":"","format":"standard","meta":{"footnotes":""},"categories":[3],"tags":[],"class_list":["post-134","post","type-post","status-publish","format-standard","has-post-thumbnail","hentry","category-noticias"],"_links":{"self":[{"href":"https:\/\/milenio.uct.cl\/index.php?rest_route=\/wp\/v2\/posts\/134"}],"collection":[{"href":"https:\/\/milenio.uct.cl\/index.php?rest_route=\/wp\/v2\/posts"}],"about":[{"href":"https:\/\/milenio.uct.cl\/index.php?rest_route=\/wp\/v2\/types\/post"}],"author":[{"embeddable":true,"href":"https:\/\/milenio.uct.cl\/index.php?rest_route=\/wp\/v2\/users\/1"}],"replies":[{"embeddable":true,"href":"https:\/\/milenio.uct.cl\/index.php?rest_route=%2Fwp%2Fv2%2Fcomments&post=134"}],"version-history":[{"count":5,"href":"https:\/\/milenio.uct.cl\/index.php?rest_route=\/wp\/v2\/posts\/134\/revisions"}],"predecessor-version":[{"id":237,"href":"https:\/\/milenio.uct.cl\/index.php?rest_route=\/wp\/v2\/posts\/134\/revisions\/237"}],"wp:featuredmedia":[{"embeddable":true,"href":"https:\/\/milenio.uct.cl\/index.php?rest_route=\/wp\/v2\/media\/224"}],"wp:attachment":[{"href":"https:\/\/milenio.uct.cl\/index.php?rest_route=%2Fwp%2Fv2%2Fmedia&parent=134"}],"wp:term":[{"taxonomy":"category","embeddable":true,"href":"https:\/\/milenio.uct.cl\/index.php?rest_route=%2Fwp%2Fv2%2Fcategories&post=134"},{"taxonomy":"post_tag","embeddable":true,"href":"https:\/\/milenio.uct.cl\/index.php?rest_route=%2Fwp%2Fv2%2Ftags&post=134"}],"curies":[{"name":"wp","href":"https:\/\/api.w.org\/{rel}","templated":true}]}}