{"id":143,"date":"2013-10-15T15:38:48","date_gmt":"2013-10-15T15:38:48","guid":{"rendered":"http:\/\/www.canzu.cl\/demo\/?p=143"},"modified":"2013-10-18T15:27:36","modified_gmt":"2013-10-18T15:27:36","slug":"milenio-en-sintonia-con-la-ciencia","status":"publish","type":"post","link":"https:\/\/milenio.uct.cl\/?p=143","title":{"rendered":"Milenio, en sinton\u00eda con la ciencia."},"content":{"rendered":"<div style=\"text-align: justify;\">\n<p><img loading=\"lazy\" decoding=\"async\" class=\"aligncenter size-full wp-image-209\" alt=\"6730525683_34a94388d5_o\" src=\"http:\/\/www.canzu.cl\/demo\/wp-content\/uploads\/2013\/10\/6730525683_34a94388d5_o.jpg\" width=\"1024\" height=\"455\" \/><\/p>\n<p>Este lunes 1 de febrero en el Programa Radial &#8220;Milenio, en sinton\u00eda con la ciencia&#8221;, estar\u00e1 como invitado el Doctor en sociolog\u00eda e investigador responsable del N\u00facleo Milenio Centro de Investigaci\u00f3n en Educaci\u00f3n en Contexto Ind\u00edgena e Intercultural, Dr. Daniel Quilaqueo Rapim\u00e1n.<!--more--><\/p>\n<p>El profesional comentar\u00e1 respecto del estudio que junto al grupo de este centro cient\u00edfico llevan adelante con el fin de hacer un an\u00e1lisis de c\u00f3mo se integra la interculturalidad en la ense\u00f1anza recibida por estudiantes ind\u00edgenas y no ind\u00edgenas en las aulas chilenas.<\/p>\n<p>El programa se transmite a trav\u00e9s de Radio Universidad de Chile (102.5 fm) entre las 19:00 y las 20:00 horas y a trav\u00e9s de Radio Valent\u00edn Letelier de la Universidad de Valpara\u00edso (97.3 FM). Es una realizaci\u00f3n de la Iniciativa Cient\u00edfica Milenio (www.iniciativamilenio.cl) en conjunto con la Radio Universidad de Chile (www.radio.uchile.cl).<\/p>\n<p>Este programa es auspiciado por la Iniciativa Cient\u00edfica Milenio (ICM) y cumple con uno de los objetivos b\u00e1sicos de la ICM: la promoci\u00f3n de las investigaciones cient\u00edficas que llevan a cabo nuestros Centros de Excelencia en bien del desarrollo social, cultural y econ\u00f3mico del pa\u00eds, as\u00ed como la promoci\u00f3n de la investigaci\u00f3n y el desarrollo en los \u00e1mbitos de la ciencia, la tecnolog\u00eda y la innovaci\u00f3n.<\/p>\n<p>Por lo mismo, cada lunes son entrevistados los investigadores que financia ICM y tambi\u00e9n actores relevantes del sistema nacional de ciencia, tecnolog\u00eda e innovaci\u00f3n (parlamentarios, ministros, entre otros).<\/p>\n<p>La modalidad del Programa Milenio es conversar a partir de una entrevista que es realizada en vivo por la comunicadora social y conductora Vicky Quevedo, entrevista que es repetida los lunes a las 24:00 horas y los s\u00e1bados a las 16:00 horas.<\/p>\n<p>Fuente: Universia<br \/>\nLink: http:\/\/noticias.universia.cl\/vida-universitaria\/noticia\/2010\/02\/01\/266552\/daniel-quilaqueo-dira-presente-milenio-sintonia-ciencia.html<\/p>\n<\/div>\n","protected":false},"excerpt":{"rendered":"<p>Este lunes 1 de febrero en el Programa Radial &#8220;Milenio, en sinton\u00eda con la ciencia&#8221;, estar\u00e1 como invitado el Doctor en sociolog\u00eda e investigador responsable del N\u00facleo Milenio Centro de Investigaci\u00f3n en Educaci\u00f3n en Contexto Ind\u00edgena e Intercultural, Dr. Daniel Quilaqueo Rapim\u00e1n.<\/p>\n","protected":false},"author":1,"featured_media":217,"comment_status":"closed","ping_status":"open","sticky":false,"template":"","format":"standard","meta":{"footnotes":""},"categories":[3],"tags":[],"class_list":["post-143","post","type-post","status-publish","format-standard","has-post-thumbnail","hentry","category-noticias"],"_links":{"self":[{"href":"https:\/\/milenio.uct.cl\/index.php?rest_route=\/wp\/v2\/posts\/143"}],"collection":[{"href":"https:\/\/milenio.uct.cl\/index.php?rest_route=\/wp\/v2\/posts"}],"about":[{"href":"https:\/\/milenio.uct.cl\/index.php?rest_route=\/wp\/v2\/types\/post"}],"author":[{"embeddable":true,"href":"https:\/\/milenio.uct.cl\/index.php?rest_route=\/wp\/v2\/users\/1"}],"replies":[{"embeddable":true,"href":"https:\/\/milenio.uct.cl\/index.php?rest_route=%2Fwp%2Fv2%2Fcomments&post=143"}],"version-history":[{"count":4,"href":"https:\/\/milenio.uct.cl\/index.php?rest_route=\/wp\/v2\/posts\/143\/revisions"}],"predecessor-version":[{"id":211,"href":"https:\/\/milenio.uct.cl\/index.php?rest_route=\/wp\/v2\/posts\/143\/revisions\/211"}],"wp:featuredmedia":[{"embeddable":true,"href":"https:\/\/milenio.uct.cl\/index.php?rest_route=\/wp\/v2\/media\/217"}],"wp:attachment":[{"href":"https:\/\/milenio.uct.cl\/index.php?rest_route=%2Fwp%2Fv2%2Fmedia&parent=143"}],"wp:term":[{"taxonomy":"category","embeddable":true,"href":"https:\/\/milenio.uct.cl\/index.php?rest_route=%2Fwp%2Fv2%2Fcategories&post=143"},{"taxonomy":"post_tag","embeddable":true,"href":"https:\/\/milenio.uct.cl\/index.php?rest_route=%2Fwp%2Fv2%2Ftags&post=143"}],"curies":[{"name":"wp","href":"https:\/\/api.w.org\/{rel}","templated":true}]}}