{"id":265,"date":"2013-11-12T15:32:17","date_gmt":"2013-11-12T15:32:17","guid":{"rendered":"http:\/\/www.canzu.cl\/demo\/?p=265"},"modified":"2013-11-12T17:28:45","modified_gmt":"2013-11-12T17:28:45","slug":"investigadores-dieron-a-conocer-sus-opiniones-respecto-a-los-avances-y-desafios-que-existen-en-la-materia-con-ejemplo-sobre-etnias-nacionales","status":"publish","type":"post","link":"https:\/\/milenio.uct.cl\/?p=265","title":{"rendered":"I Congreso Internacional de Educaci\u00f3n e Interculturalidad"},"content":{"rendered":"<div style=\"text-align: justify;\">\n<p><b>La Red Interuniversitaria\u00a0de Educaci\u00f3n e Interculturalidad (RIEDI) y el Programa de Educaci\u00f3n Intercultural Biling\u00fce (PEIB) de\u00a0la Facultad\u00a0de Educaci\u00f3n y Humanidades de\u00a0la Universidad\u00a0del B\u00edo-B\u00edo, convocan a su I Congreso Internacional de Educaci\u00f3n e Interculturalidad. &#8211;<\/b><i>Investigadores dieron a conocer sus opiniones respecto a los avances y desaf\u00edos que existen en la materia con ejemplo sobre etnias nacionales<\/i>.<\/p>\n<p>Expertos de todo el pa\u00eds se dieron cita en el Primer Congreso Internacional de Educaci\u00f3n e Interculturalidad realizado por la Universidad del B\u00edo Bio. El encuentro seg\u00fan la casa de estudios superiores \u2013\u201ctuvo como prop\u00f3sito central generar espacios de reflexi\u00f3n y an\u00e1lisis en torno a la educaci\u00f3n, y la interculturalidad, para intercambiar experiencias u conocimientos que permitan una vinculaci\u00f3n reciproca con los pueblos de nuestro pa\u00eds y nuestro continente\u201d.<\/p>\n<p style=\"text-align: center;\"><img decoding=\"async\" class=\"aligncenter  wp-image-264\" alt=\"966825_588742961157431_1491521443_o\" src=\"http:\/\/www.canzu.cl\/demo\/wp-content\/uploads\/2013\/11\/966825_588742961157431_1491521443_o-300x133.jpg\" width=\"60%\" height=\"auto\" srcset=\"https:\/\/milenio.uct.cl\/wp-content\/uploads\/2013\/11\/966825_588742961157431_1491521443_o-300x133.jpg 300w, https:\/\/milenio.uct.cl\/wp-content\/uploads\/2013\/11\/966825_588742961157431_1491521443_o-449x200.jpg 449w, https:\/\/milenio.uct.cl\/wp-content\/uploads\/2013\/11\/966825_588742961157431_1491521443_o-1024x456.jpg 1024w, https:\/\/milenio.uct.cl\/wp-content\/uploads\/2013\/11\/966825_588742961157431_1491521443_o.jpg 2048w\" sizes=\"(max-width: 300px) 100vw, 300px\" \/><\/p>\n<p>Seg\u00fan consign\u00f3 la UBB en su portal web, la doctora Ana Gajardo, quien conform\u00f3 el equipo organizador junto a los acad\u00e9micos Claudio Pereira y Alvaro Gonzalez, precis\u00f3 que el concepto de educaci\u00f3n itnerculutra el una forma de entender yu vivir la educaci\u00f3n.<\/p>\n<p>Se trata de un enfoque educativo que tiene un car\u00e1cter inclusivo, donde la diversidad es un ingrediente indispensable y positivo para una educaci\u00f3n integral y de calidad.<\/p>\n<p>\u201cEn nuestro caso, que estamos muy ligados al pueblo mapuche, tenemos que trabajar en conjunto respetando sus costumbres, formas de vida, su lengua, y en ese sentido la UBB dispone de diversas acciones que tienen a este objetivo\u201d Explico.<\/p>\n<p>Seg\u00fan el portal de la UBB, el doctor Segundo Quintriqueo, investigador asociado del N\u00facleo de Iniciativa Milenio de la Universidad Cat\u00f3lica de Temuco, coment\u00f3 que la educaci\u00f3n intercultural se concibe como un proceso donde sujetos pertenecientes a culturas diferentes puedan vincularse en relaci\u00f3n a un contenido u objetivo com\u00fan.<\/p>\n<p>\u201cEn el medio escolar trabajamos principalmente en procesos de intervenci\u00f3n educativa intercultural, donde los profesores se plantean el desaf\u00edo de establecer la relaci\u00f3n entre saberes escolares y los saberes propios de los ni\u00f1os de comunidades mapuches\u201d En una perspectiva global, pensamos que la educaci\u00f3n intercultural debemos pensarla para todos los ni\u00f1os, sean ind\u00edgenas o no ind\u00edgenas, con mayor \u00e9nfasis en ni\u00f1os no ind\u00edgenas puesto que la interculutralidad requiere que los sujetos tienen una cultura diferente y de esa forma desarrollar a futuro relaciones interculutales mucho mas armoniosas\u201d.<\/p>\n<\/div>\n","protected":false},"excerpt":{"rendered":"<p>La Red Interuniversitaria\u00a0de Educaci\u00f3n e Interculturalidad (RIEDI) y el Programa de Educaci\u00f3n Intercultural Biling\u00fce (PEIB) de\u00a0la Facultad\u00a0de Educaci\u00f3n y Humanidades de\u00a0la Universidad\u00a0del B\u00edo-B\u00edo, convocan a su I Congreso Internacional de Educaci\u00f3n e Interculturalidad. &#8211;Investigadores dieron a conocer sus opiniones respecto a los avances y desaf\u00edos que existen en la materia con ejemplo sobre etnias nacionales. [&hellip;]<\/p>\n","protected":false},"author":1,"featured_media":264,"comment_status":"closed","ping_status":"open","sticky":false,"template":"","format":"standard","meta":{"footnotes":""},"categories":[3],"tags":[],"class_list":["post-265","post","type-post","status-publish","format-standard","has-post-thumbnail","hentry","category-noticias"],"_links":{"self":[{"href":"https:\/\/milenio.uct.cl\/index.php?rest_route=\/wp\/v2\/posts\/265"}],"collection":[{"href":"https:\/\/milenio.uct.cl\/index.php?rest_route=\/wp\/v2\/posts"}],"about":[{"href":"https:\/\/milenio.uct.cl\/index.php?rest_route=\/wp\/v2\/types\/post"}],"author":[{"embeddable":true,"href":"https:\/\/milenio.uct.cl\/index.php?rest_route=\/wp\/v2\/users\/1"}],"replies":[{"embeddable":true,"href":"https:\/\/milenio.uct.cl\/index.php?rest_route=%2Fwp%2Fv2%2Fcomments&post=265"}],"version-history":[{"count":3,"href":"https:\/\/milenio.uct.cl\/index.php?rest_route=\/wp\/v2\/posts\/265\/revisions"}],"predecessor-version":[{"id":269,"href":"https:\/\/milenio.uct.cl\/index.php?rest_route=\/wp\/v2\/posts\/265\/revisions\/269"}],"wp:featuredmedia":[{"embeddable":true,"href":"https:\/\/milenio.uct.cl\/index.php?rest_route=\/wp\/v2\/media\/264"}],"wp:attachment":[{"href":"https:\/\/milenio.uct.cl\/index.php?rest_route=%2Fwp%2Fv2%2Fmedia&parent=265"}],"wp:term":[{"taxonomy":"category","embeddable":true,"href":"https:\/\/milenio.uct.cl\/index.php?rest_route=%2Fwp%2Fv2%2Fcategories&post=265"},{"taxonomy":"post_tag","embeddable":true,"href":"https:\/\/milenio.uct.cl\/index.php?rest_route=%2Fwp%2Fv2%2Ftags&post=265"}],"curies":[{"name":"wp","href":"https:\/\/api.w.org\/{rel}","templated":true}]}}