{"id":293,"date":"2014-01-07T19:20:31","date_gmt":"2014-01-07T19:20:31","guid":{"rendered":"http:\/\/milenio.uct.cl\/?p=293"},"modified":"2014-01-07T19:20:31","modified_gmt":"2014-01-07T19:20:31","slug":"jornadas-de-investigacion-en-educacion-interculturalidad-y-territorialidad","status":"publish","type":"post","link":"https:\/\/milenio.uct.cl\/?p=293","title":{"rendered":"Jornadas de Investigaci\u00f3n en Educaci\u00f3n, Interculturalidad y Territorialidad"},"content":{"rendered":"<p style=\"text-align: justify;\">Esta Actividad busca favorecer el intercambio de conocimiento cient\u00edfico entre los investigadores de los centros de la Red, en las l\u00edneas de educaci\u00f3n, interculturalidad y territorialidad.<\/p>\n<p style=\"text-align: center;\"><img loading=\"lazy\" decoding=\"async\" class=\" wp-image-294 aligncenter\" alt=\"OLYMPUS DIGITAL CAMERA\" src=\"https:\/\/milenio.uct.cl\/wp-content\/uploads\/2014\/01\/P4190004-1024x565.jpg\" width=\"520\" height=\"286\" srcset=\"https:\/\/milenio.uct.cl\/wp-content\/uploads\/2014\/01\/P4190004-1024x565.jpg 1024w, https:\/\/milenio.uct.cl\/wp-content\/uploads\/2014\/01\/P4190004-361x200.jpg 361w, https:\/\/milenio.uct.cl\/wp-content\/uploads\/2014\/01\/P4190004-300x165.jpg 300w\" sizes=\"(max-width: 520px) 100vw, 520px\" \/><\/p>\n<p>El prop\u00f3sito fue comenzar un trabajo orientado a construir una propuesta epistemol\u00f3gica de investigaci\u00f3n y programas de postgrado para la formaci\u00f3n de recursos humanos avanzados en contextos ind\u00edgenas e interculturales.<\/p>\n<p>En este contexto, junto con los profesionales del Laboratorio de Planificaci\u00f3n Territorial de la Universidad Cat\u00f3lica de Temuco y el antrop\u00f3logo de la Universidad de Laval y director del Centre Interuniversitaire d&#8217;\u00e9tudes et de Recherches Autochtones (CI\u00c9RA), Dr. Martin Hebert, se realiz\u00f3 una jornada de trabajo respecto al estudio ind\u00edgena que este ultimo esta desarrollando en la Universidad de Laval.<\/p>\n<p>Adem\u00e1s en una diferente instancia se trabaj\u00f3 en los programas de Magister y Doctorado de Educaci\u00f3n Intercutural que se ha de impartir en la Universidad Cat\u00f3lica de Temuco a un corto plazo.<\/p>\n","protected":false},"excerpt":{"rendered":"<p>Esta Actividad busca favorecer el intercambio de conocimiento cient\u00edfico entre los investigadores de los centros de la Red, en las l\u00edneas de educaci\u00f3n, interculturalidad y territorialidad. El prop\u00f3sito fue comenzar un trabajo orientado a construir una propuesta epistemol\u00f3gica de investigaci\u00f3n y programas de postgrado para la formaci\u00f3n de recursos humanos avanzados en contextos ind\u00edgenas e [&hellip;]<\/p>\n","protected":false},"author":3,"featured_media":294,"comment_status":"open","ping_status":"open","sticky":false,"template":"","format":"standard","meta":{"footnotes":""},"categories":[3],"tags":[],"class_list":["post-293","post","type-post","status-publish","format-standard","has-post-thumbnail","hentry","category-noticias"],"_links":{"self":[{"href":"https:\/\/milenio.uct.cl\/index.php?rest_route=\/wp\/v2\/posts\/293"}],"collection":[{"href":"https:\/\/milenio.uct.cl\/index.php?rest_route=\/wp\/v2\/posts"}],"about":[{"href":"https:\/\/milenio.uct.cl\/index.php?rest_route=\/wp\/v2\/types\/post"}],"author":[{"embeddable":true,"href":"https:\/\/milenio.uct.cl\/index.php?rest_route=\/wp\/v2\/users\/3"}],"replies":[{"embeddable":true,"href":"https:\/\/milenio.uct.cl\/index.php?rest_route=%2Fwp%2Fv2%2Fcomments&post=293"}],"version-history":[{"count":1,"href":"https:\/\/milenio.uct.cl\/index.php?rest_route=\/wp\/v2\/posts\/293\/revisions"}],"predecessor-version":[{"id":295,"href":"https:\/\/milenio.uct.cl\/index.php?rest_route=\/wp\/v2\/posts\/293\/revisions\/295"}],"wp:featuredmedia":[{"embeddable":true,"href":"https:\/\/milenio.uct.cl\/index.php?rest_route=\/wp\/v2\/media\/294"}],"wp:attachment":[{"href":"https:\/\/milenio.uct.cl\/index.php?rest_route=%2Fwp%2Fv2%2Fmedia&parent=293"}],"wp:term":[{"taxonomy":"category","embeddable":true,"href":"https:\/\/milenio.uct.cl\/index.php?rest_route=%2Fwp%2Fv2%2Fcategories&post=293"},{"taxonomy":"post_tag","embeddable":true,"href":"https:\/\/milenio.uct.cl\/index.php?rest_route=%2Fwp%2Fv2%2Ftags&post=293"}],"curies":[{"name":"wp","href":"https:\/\/api.w.org\/{rel}","templated":true}]}}