{"id":296,"date":"2014-01-07T19:40:09","date_gmt":"2014-01-07T19:40:09","guid":{"rendered":"http:\/\/milenio.uct.cl\/?p=296"},"modified":"2014-03-28T13:32:14","modified_gmt":"2014-03-28T13:32:14","slug":"programa-de-proyeccion-al-medio-externo-2012","status":"publish","type":"post","link":"https:\/\/milenio.uct.cl\/?p=296","title":{"rendered":"Programa de Proyecci\u00f3n al Medio Externo 2012"},"content":{"rendered":"<p style=\"text-align: justify;\" align=\"center\">Durante el a\u00f1o 2012 se ejecut\u00f3 el tercer Programa de Proyecci\u00f3n al Medio Externo conducido por el N\u00facleo Milenio Centro de Investigaci\u00f3n en Educaci\u00f3n en contexto Ind\u00edgena e Intercultural (CIECII), perteneciente a las Universidad Cat\u00f3lica de Temuco. En esta ocasi\u00f3n la actividad n\u00famero 1 del programa se titul\u00f3 ARTICULACI\u00d3N ENTRE EL CONOCIMIENTO EDUCATIVO MAPUCHE Y EL CONOCIMIENTO ESCOLAR, el que se realiz\u00f3 entre marzo y octubre de 2012. Para el acto inaugural de la actividad el Dr. Martin H\u00e9bert dict\u00f3 la conferencia \u201cPol\u00edtica de Formaci\u00f3n de Recursos Humanos Avanzados en Contextos Ind\u00edgena e Intercultural\u201d.<\/p>\n<p>La actividad consisti\u00f3 en proyectar a las escuelas de la regi\u00f3n y a la Facultad de Educaci\u00f3n resultados de las investigaciones del CIECII. El objetivo es devolver contenidos educativos mapuches y territorialidad, para mejorar la contextualizaci\u00f3n la acci\u00f3n educativa. La metodolog\u00eda es el Taller de Discusi\u00f3n y la estrategia incluir profesores de las escuelas focalizadas del MINEDUC, para mejorar la calidad de la educaci\u00f3n. Poblaci\u00f3n objetivo: profesores, sabios, educadores tradicionales, acad\u00e9micos y estudiantes de pre y postgrado. Los recursos involucrados en este programa provienen de la Iniciativa Cient\u00edfica Milenio (ICM) \u00a0y de forma complementaria se cuenta con el \u00a0apoyo de la UCTemuco.<\/p>\n<p>Uno de los productos de este programa fue la realizaci\u00f3n de un Proyecto de intervenci\u00f3n educativa intercultural por cada acad\u00e9mico, seg\u00fan su l\u00ednea de trabajo en la formaci\u00f3n docente en la U. Cat\u00f3lica de Temuco o su funci\u00f3n dentro del establecimiento educativo de procedencia.<\/p>\n<p>Es importante destacar que la Facultad de Educaci\u00f3n de la ya se\u00f1alada casa de estudios superiores manifest\u00f3, a trav\u00e9s de su Decana Dra. Paula Riquelme Bravo, el inter\u00e9s de participar en esta actividad, como una forma de ir concretando el compromiso de abordar estas tem\u00e1ticas como pol\u00edticas de Facultad.<\/p>\n<p><img loading=\"lazy\" decoding=\"async\" class=\"alignnone size-full wp-image-298 aligncenter\" alt=\"Untitled-1\" src=\"https:\/\/milenio.uct.cl\/wp-content\/uploads\/2014\/01\/Untitled-1.jpg\" width=\"286\" height=\"192\" \/><\/p>\n<p>Conferencia del Dr. Martin H\u00e9bert, referida a \u201cPol\u00edtica de Formaci\u00f3n de Recursos Humanos Avanzados en Contextos Ind\u00edgena e Intercultural \u201ccon la participaci\u00f3n de la Decana Dra. Paula Riquelme Bravo, del Director del CIECII Dr. Daniel Quilaqueo e invitados.<\/p>\n<p><img loading=\"lazy\" decoding=\"async\" class=\"alignnone size-full wp-image-299 aligncenter\" alt=\"Untitled-2\" src=\"https:\/\/milenio.uct.cl\/wp-content\/uploads\/2014\/01\/Untitled-2.jpg\" width=\"436\" height=\"328\" srcset=\"https:\/\/milenio.uct.cl\/wp-content\/uploads\/2014\/01\/Untitled-2.jpg 436w, https:\/\/milenio.uct.cl\/wp-content\/uploads\/2014\/01\/Untitled-2-265x200.jpg 265w, https:\/\/milenio.uct.cl\/wp-content\/uploads\/2014\/01\/Untitled-2-300x225.jpg 300w\" sizes=\"(max-width: 436px) 100vw, 436px\" \/><\/p>\n<p>La imagen muestra la t\u00e9cnica que permite extraer los tintes a los vegetales y que luego ser\u00e1n utilizados para te\u00f1ir c\u00e9lulas tanto de origen animal como vegetal, las son empleadas por los profesores para realizar la ense\u00f1anza de la unidad morfo-funcional de los seres vivos.<\/p>\n<p><img loading=\"lazy\" decoding=\"async\" class=\"alignnone size-full wp-image-297 aligncenter\" alt=\"Untitled-3\" src=\"https:\/\/milenio.uct.cl\/wp-content\/uploads\/2014\/01\/Untitled-3.jpg\" width=\"432\" height=\"325\" srcset=\"https:\/\/milenio.uct.cl\/wp-content\/uploads\/2014\/01\/Untitled-3.jpg 432w, https:\/\/milenio.uct.cl\/wp-content\/uploads\/2014\/01\/Untitled-3-265x200.jpg 265w, https:\/\/milenio.uct.cl\/wp-content\/uploads\/2014\/01\/Untitled-3-300x225.jpg 300w\" sizes=\"(max-width: 432px) 100vw, 432px\" \/><\/p>\n<p>Los profesores asistentes verifican la capacidad tintorial que tiene el colorante preparado con la gu\u00eda y ayuda de la se\u00f1ora Mar\u00eda Llancavil.<\/p>\n","protected":false},"excerpt":{"rendered":"<p>Durante el a\u00f1o 2012 se ejecut\u00f3 el tercer Programa de Proyecci\u00f3n al Medio Externo conducido por el N\u00facleo Milenio Centro de Investigaci\u00f3n en Educaci\u00f3n en contexto Ind\u00edgena e Intercultural (CIECII), perteneciente a las Universidad Cat\u00f3lica de Temuco. En esta ocasi\u00f3n la actividad n\u00famero 1 del programa se titul\u00f3 ARTICULACI\u00d3N ENTRE EL CONOCIMIENTO EDUCATIVO MAPUCHE Y [&hellip;]<\/p>\n","protected":false},"author":3,"featured_media":298,"comment_status":"closed","ping_status":"open","sticky":false,"template":"","format":"standard","meta":{"footnotes":""},"categories":[3],"tags":[],"class_list":["post-296","post","type-post","status-publish","format-standard","has-post-thumbnail","hentry","category-noticias"],"_links":{"self":[{"href":"https:\/\/milenio.uct.cl\/index.php?rest_route=\/wp\/v2\/posts\/296"}],"collection":[{"href":"https:\/\/milenio.uct.cl\/index.php?rest_route=\/wp\/v2\/posts"}],"about":[{"href":"https:\/\/milenio.uct.cl\/index.php?rest_route=\/wp\/v2\/types\/post"}],"author":[{"embeddable":true,"href":"https:\/\/milenio.uct.cl\/index.php?rest_route=\/wp\/v2\/users\/3"}],"replies":[{"embeddable":true,"href":"https:\/\/milenio.uct.cl\/index.php?rest_route=%2Fwp%2Fv2%2Fcomments&post=296"}],"version-history":[{"count":5,"href":"https:\/\/milenio.uct.cl\/index.php?rest_route=\/wp\/v2\/posts\/296\/revisions"}],"predecessor-version":[{"id":360,"href":"https:\/\/milenio.uct.cl\/index.php?rest_route=\/wp\/v2\/posts\/296\/revisions\/360"}],"wp:featuredmedia":[{"embeddable":true,"href":"https:\/\/milenio.uct.cl\/index.php?rest_route=\/wp\/v2\/media\/298"}],"wp:attachment":[{"href":"https:\/\/milenio.uct.cl\/index.php?rest_route=%2Fwp%2Fv2%2Fmedia&parent=296"}],"wp:term":[{"taxonomy":"category","embeddable":true,"href":"https:\/\/milenio.uct.cl\/index.php?rest_route=%2Fwp%2Fv2%2Fcategories&post=296"},{"taxonomy":"post_tag","embeddable":true,"href":"https:\/\/milenio.uct.cl\/index.php?rest_route=%2Fwp%2Fv2%2Ftags&post=296"}],"curies":[{"name":"wp","href":"https:\/\/api.w.org\/{rel}","templated":true}]}}