{"id":348,"date":"2014-01-16T15:17:58","date_gmt":"2014-01-16T15:17:58","guid":{"rendered":"http:\/\/milenio.uct.cl\/?p=348"},"modified":"2014-03-28T13:28:22","modified_gmt":"2014-03-28T13:28:22","slug":"programa-de-proyeccion-al-medio-externo-2013","status":"publish","type":"post","link":"https:\/\/milenio.uct.cl\/?p=348","title":{"rendered":"Programa de Proyecci\u00f3n al Medio Externo 2013"},"content":{"rendered":"<p style=\"text-align: justify;\">Durante el a\u00f1o 2013 se ejecut\u00f3 el cuarto Programa de Proyecci\u00f3n al Medio Externo conducido\u00a0por el N\u00facleo Milenio Centro de Investigaci\u00f3n en Educaci\u00f3n en contexto Ind\u00edgena e Intercultural\u00a0(CIECII), perteneciente a las Universidad Cat\u00f3lica de Temuco. En esta ocasi\u00f3n la actividad n\u00famero\u00a01 del programa se titul\u00f3 DIVULGACI\u00d3N DE RESULTADOS DE INVESTIGACI\u00d3N SOBRE EDUCACI\u00d3N,\u00a0INTERCULTURALIDAD Y TERRITORIALIDAD, el que se realiz\u00f3 entre abril y diciembre de 2013.<\/p>\n<p style=\"text-align: justify;\">Dicha actividad consisti\u00f3 en la realizaci\u00f3n de workshops en escuelas o liceos de la regi\u00f3n de La\u00a0Araucan\u00eda. El objetivo fue divulgar los avances cient\u00edficos del CIECII, en las l\u00edneas de educaci\u00f3n,\u00a0interculturalidad y territorialidad, para potenciar la vinculaci\u00f3n con el medio externo. La estrategia\u00a0fue desarrollar un workshop en cada ciudad visitada, basado en los resultados cient\u00edficos de\u00a0proyectos FONDECYT y FONDEF dirigidos por los investigadores del CIECII. La metodolog\u00eda\u00a0consisti\u00f3 en la presentaci\u00f3n de resultados en conferencias, para continuar con una sesi\u00f3n de\u00a0posters y un taller pr\u00e1ctico, los que son ejecutados por los investigadores y estudiantes tesistas del\u00a0CIECII. La poblaci\u00f3n objetivo fue: profesores y estudiantes de Cunco, Lautaro, Victoria, Curacaut\u00edn,\u00a0Nueva Imperial, Vilc\u00fan y Temuco.<\/p>\n<p style=\"text-align: justify;\"><img loading=\"lazy\" decoding=\"async\" class=\"alignleft size-full wp-image-349\" alt=\"Untitled-1\" src=\"https:\/\/milenio.uct.cl\/wp-content\/uploads\/2014\/01\/Untitled-11.jpg\" width=\"388\" height=\"293\" srcset=\"https:\/\/milenio.uct.cl\/wp-content\/uploads\/2014\/01\/Untitled-11.jpg 388w, https:\/\/milenio.uct.cl\/wp-content\/uploads\/2014\/01\/Untitled-11-264x200.jpg 264w, https:\/\/milenio.uct.cl\/wp-content\/uploads\/2014\/01\/Untitled-11-300x226.jpg 300w\" sizes=\"(max-width: 388px) 100vw, 388px\" \/><\/p>\n<p>El Director del CIECII, Dr. Daniel Quilaqueo Rapim\u00e1n, hace entrega de libro Interculturalidad en Contexto Mapuche, como aporte a la biblioteca del Colegio San francisco de Asis de Nueva Imperial.<\/p>\n<p>Cabe\u00a0 destacar que se realiz\u00f3 la misma entrega en cada uno de los establecimientos visitados durante el desarrollo del programa.<\/p>\n<p>&nbsp;<\/p>\n<p>&nbsp;<\/p>\n<div id=\"attachment_350\" style=\"width: 398px\" class=\"wp-caption aligncenter\"><img loading=\"lazy\" decoding=\"async\" aria-describedby=\"caption-attachment-350\" class=\"size-full wp-image-350 \" alt=\"Untitled-2\" src=\"https:\/\/milenio.uct.cl\/wp-content\/uploads\/2014\/01\/Untitled-21.jpg\" width=\"388\" height=\"293\" srcset=\"https:\/\/milenio.uct.cl\/wp-content\/uploads\/2014\/01\/Untitled-21.jpg 388w, https:\/\/milenio.uct.cl\/wp-content\/uploads\/2014\/01\/Untitled-21-264x200.jpg 264w, https:\/\/milenio.uct.cl\/wp-content\/uploads\/2014\/01\/Untitled-21-300x226.jpg 300w\" sizes=\"(max-width: 388px) 100vw, 388px\" \/><p id=\"caption-attachment-350\" class=\"wp-caption-text\">Trabajo de taller, utilizando las Gu\u00edas Interculturales de Ciencias Naturales e Historia Geograf\u00eda y Ciencias Sociales, dise\u00f1adas para este prop\u00f3sito y entregadas a cada uno de los asistentes.<\/p><\/div>\n<div id=\"attachment_351\" style=\"width: 398px\" class=\"wp-caption aligncenter\"><img loading=\"lazy\" decoding=\"async\" aria-describedby=\"caption-attachment-351\" class=\"size-full wp-image-351 \" alt=\"Untitled-3\" src=\"https:\/\/milenio.uct.cl\/wp-content\/uploads\/2014\/01\/Untitled-31.jpg\" width=\"388\" height=\"293\" srcset=\"https:\/\/milenio.uct.cl\/wp-content\/uploads\/2014\/01\/Untitled-31.jpg 388w, https:\/\/milenio.uct.cl\/wp-content\/uploads\/2014\/01\/Untitled-31-264x200.jpg 264w, https:\/\/milenio.uct.cl\/wp-content\/uploads\/2014\/01\/Untitled-31-300x226.jpg 300w\" sizes=\"(max-width: 388px) 100vw, 388px\" \/><p id=\"caption-attachment-351\" class=\"wp-caption-text\">En la ciudad de Lautaro el Dr. Quilaqueo Rapim\u00e1n dict\u00f3 conferencia en Escuela Los Carrera.<\/p><\/div>\n","protected":false},"excerpt":{"rendered":"<p>Durante el a\u00f1o 2013 se ejecut\u00f3 el cuarto Programa de Proyecci\u00f3n al Medio Externo conducido\u00a0por el N\u00facleo Milenio Centro de Investigaci\u00f3n en Educaci\u00f3n en contexto Ind\u00edgena e Intercultural\u00a0(CIECII), perteneciente a las Universidad Cat\u00f3lica de Temuco. En esta ocasi\u00f3n la actividad n\u00famero\u00a01 del programa se titul\u00f3 DIVULGACI\u00d3N DE RESULTADOS DE INVESTIGACI\u00d3N SOBRE EDUCACI\u00d3N,\u00a0INTERCULTURALIDAD Y TERRITORIALIDAD, el [&hellip;]<\/p>\n","protected":false},"author":3,"featured_media":349,"comment_status":"closed","ping_status":"closed","sticky":false,"template":"","format":"standard","meta":{"footnotes":""},"categories":[3],"tags":[],"class_list":["post-348","post","type-post","status-publish","format-standard","has-post-thumbnail","hentry","category-noticias"],"_links":{"self":[{"href":"https:\/\/milenio.uct.cl\/index.php?rest_route=\/wp\/v2\/posts\/348"}],"collection":[{"href":"https:\/\/milenio.uct.cl\/index.php?rest_route=\/wp\/v2\/posts"}],"about":[{"href":"https:\/\/milenio.uct.cl\/index.php?rest_route=\/wp\/v2\/types\/post"}],"author":[{"embeddable":true,"href":"https:\/\/milenio.uct.cl\/index.php?rest_route=\/wp\/v2\/users\/3"}],"replies":[{"embeddable":true,"href":"https:\/\/milenio.uct.cl\/index.php?rest_route=%2Fwp%2Fv2%2Fcomments&post=348"}],"version-history":[{"count":4,"href":"https:\/\/milenio.uct.cl\/index.php?rest_route=\/wp\/v2\/posts\/348\/revisions"}],"predecessor-version":[{"id":355,"href":"https:\/\/milenio.uct.cl\/index.php?rest_route=\/wp\/v2\/posts\/348\/revisions\/355"}],"wp:featuredmedia":[{"embeddable":true,"href":"https:\/\/milenio.uct.cl\/index.php?rest_route=\/wp\/v2\/media\/349"}],"wp:attachment":[{"href":"https:\/\/milenio.uct.cl\/index.php?rest_route=%2Fwp%2Fv2%2Fmedia&parent=348"}],"wp:term":[{"taxonomy":"category","embeddable":true,"href":"https:\/\/milenio.uct.cl\/index.php?rest_route=%2Fwp%2Fv2%2Fcategories&post=348"},{"taxonomy":"post_tag","embeddable":true,"href":"https:\/\/milenio.uct.cl\/index.php?rest_route=%2Fwp%2Fv2%2Ftags&post=348"}],"curies":[{"name":"wp","href":"https:\/\/api.w.org\/{rel}","templated":true}]}}